{"id":32999,"date":"2026-08-31T21:23:32","date_gmt":"2026-08-31T14:23:32","guid":{"rendered":"https:\/\/tct.vn\/blog\/iphone-18-pro-is-coming-heres-whats-new-with-each-model\/"},"modified":"2026-08-31T21:23:32","modified_gmt":"2026-08-31T14:23:32","slug":"iphone-18-pro-is-coming-heres-whats-new-with-each-model","status":"publish","type":"post","link":"https:\/\/tct.vn\/blog\/iphone-18-pro-is-coming-heres-whats-new-with-each-model\/","title":{"rendered":"iPhone 18 Pro is coming: Here\u2019s what\u2019s new with each model"},"content":{"rendered":"<p>iPhone 18 Pro will be unveiled next week on September 9, with new Pro and Pro Max models debuting. Here\u2019s what rumors say is new with each model. iPhone 18 Pro: Upgrades in performance, cameras, design, and battery life Apple\u2019s flagship iPhone 18 Pro will have the same 6.3-inch size... [N\u1ed9i dung \u0111\u1ea7y \u0111\u1ee7 v\u00e0 h\u00ecnh \u1ea3nh \u0111\u00e3 \u0111\u01b0\u1ee3c \u1ea9n \u0111\u1ed1i v\u1edbi c\u00f4ng c\u1ee5 t\u1ef1 \u0111\u1ed9ng]<\/p>","protected":false},"excerpt":{"rendered":"<p>iPhone 18 Pro will be unveiled next week on September 9, with new Pro and Pro Max models debuting. Here\u2019s what rumors say is new with each model. iPhone 18 Pro: Upgrades in performance, cameras, design, and battery life Apple\u2019s flagship iPhone 18 Pro will have the same 6.3-inch size&#8230;... [N\u1ed9i dung \u0111\u1ea7y \u0111\u1ee7 v\u00e0 h\u00ecnh \u1ea3nh \u0111\u00e3 \u0111\u01b0\u1ee3c \u1ea9n \u0111\u1ed1i v\u1edbi c\u00f4ng c\u1ee5 t\u1ef1 \u0111\u1ed9ng]<\/p>","protected":false},"author":1,"featured_media":0,"comment_status":"open","ping_status":"open","sticky":false,"template":"","format":"standard","meta":{"footnotes":""},"categories":[],"tags":[],"class_list":["post-32999","post","type-post","status-publish","format-standard","hentry"],"_links":{"self":[{"href":"https:\/\/tct.vn\/blog\/wp-json\/wp\/v2\/posts\/32999","targetHints":{"allow":["GET"]}}],"collection":[{"href":"https:\/\/tct.vn\/blog\/wp-json\/wp\/v2\/posts"}],"about":[{"href":"https:\/\/tct.vn\/blog\/wp-json\/wp\/v2\/types\/post"}],"author":[{"embeddable":true,"href":"https:\/\/tct.vn\/blog\/wp-json\/wp\/v2\/users\/1"}],"replies":[{"embeddable":true,"href":"https:\/\/tct.vn\/blog\/wp-json\/wp\/v2\/comments?post=32999"}],"version-history":[{"count":0,"href":"https:\/\/tct.vn\/blog\/wp-json\/wp\/v2\/posts\/32999\/revisions"}],"wp:attachment":[{"href":"https:\/\/tct.vn\/blog\/wp-json\/wp\/v2\/media?parent=32999"}],"wp:term":[{"taxonomy":"category","embeddable":true,"href":"https:\/\/tct.vn\/blog\/wp-json\/wp\/v2\/categories?post=32999"},{"taxonomy":"post_tag","embeddable":true,"href":"https:\/\/tct.vn\/blog\/wp-json\/wp\/v2\/tags?post=32999"}],"curies":[{"name":"wp","href":"https:\/\/api.w.org\/{rel}","templated":true}]}}